{"id":245,"date":"2025-07-03T15:09:16","date_gmt":"2025-07-03T13:09:16","guid":{"rendered":"https:\/\/oatle.noblogs.org\/?p=245"},"modified":"2025-07-03T15:09:20","modified_gmt":"2025-07-03T13:09:20","slug":"oat-im-juli-pastasciutta-antifascista","status":"publish","type":"post","link":"https:\/\/oatle.noblogs.org\/?p=245","title":{"rendered":"OAT im Juli: Pastasciutta Antifascista"},"content":{"rendered":"\n<p>Im letzten Juli veranstalteten wir beim OAT erstmals ein \u00bb<a href=\"https:\/\/oatle.noblogs.org\/?p=185\">Pastasciutta Antifaschista<\/a>\u00ab und weil es so gut angenommen wurde, wollen wir es dieses Jahr wiederholen. Es erwartet euch abermals ein super leckeres Essen, Getr\u00e4nke und  Raum f\u00fcr Austausch. <\/p>\n\n\n\n<p>Wie k\u00f6nnen wir uns unterst\u00fctzen? Welche M\u00f6glichkeiten gibt es um die Antifaschist*innen im Budapest-Komplex und Antifa Ost &#8211; Verfahren zu unterst\u00fctzen? Habt ihr eigene antifaschistische Projekte wo ihr noch Hilfe sucht? Dann kommt vorbei, nehmt eure Freund*innen mit, esst was und lasst uns ins Gespr\u00e4ch kommen, wo wir uns gegenseitig helfen k\u00f6nnen.<\/p>\n\n\n\n<p><strong>N\u00e4chstes OAT am 22. Juli 2025 um 19 Uhr im Conne Island im Vorderhaus (Koburger Str. 3, 04277 Leipzig)<\/strong><\/p>\n\n\n\n<p><em><a href=\"https:\/\/antifa.vvn-bda.de\/2020\/09\/27\/kulinarischer-antifaschismus\/\">\u00bbPastasciutta Antifaschista\u00ab im Gedenken an den Widerstand italienischer Partisanen<\/a><\/em><\/p>\n\n\n\n<p>Anl\u00e4sslich des Endes der Mussolini-Herrschaft in Rom im Sommer 1943, fand die \u00bbPastasciutta Antifascista\u00ab statt. Der historische Hintergrund dieser Tradition ist so einfach wie beeindruckend. Als sich am \u202825. Juli 1943 die Nachricht vom Sturz des Faschismus durch die Absetzung und Verhaftung des Verbrechers Benito Mussolini verbreitete, hatte die Familie Cervi in der <a href=\"https:\/\/istoreco.re.it\/\">Reggio Emilia<\/a> eine gro\u00dfartige Idee. Sie beschloss, das Ereignis \u00f6ffentlich zu feiern: Sie beschaffte Mehl, nahm Butter und K\u00e4se auf Kredit und bereitete kiloweise Nudeln zu. Als das Essen fertig war, beluden die Familienmitglieder eine Pferdekarre und brachten Pasta auf den Platz in Campegine, um das Essen an die Dorfbewohner zu verteilen. Das sei \u00bbdie sch\u00f6nste Beerdigung des Faschismus\u00ab gewesen, wie Alcide \u00bbPapa\u00ab Cervi erkl\u00e4rte.<\/p>\n\n\n\n<h3 class=\"wp-block-heading\"><strong>Die Familie Cervi<\/strong><\/h3>\n\n\n\n<p>Auf der Internetseite \u00bbStoria della Resistenza\u00ab kann man \u00fcber das Schicksal der Familie Cervi folgendes finden: Die Familie Cervi, die in Gattatico einen gepachteten Hof bewirtschaftete, hatte sieben S\u00f6hne. Sie alle engagierten sich in unterschiedlicher Form gegen den Faschismus. Aldo Cervi verb\u00fc\u00dfte wegen Befehlsverweigerung im Milit\u00e4r drei Jahre Haft im Gef\u00e4ngnis. Sein Bruder Gerlindo Cervi wurde wegen illegaler Arbeit mehrfach verhaftet. 1943 ver\u00fcbten Ferdinando und Massimo Cervi ihre erste Sabotageaktion. Sie unterbrachen eine f\u00fcr die Faschisten wichtige Stromversorgung.<\/p>\n\n\n\n<p>Nach dem Sturz Mussolinis wurde der Hof der Cervis Anlaufstelle f\u00fcr viele Fl\u00fcchtlinge. Unter ihnen waren italienische Soldaten ebenso wie Kriegsgefangene und politische H\u00e4ftlinge, die aus den Gef\u00e4ngnissen fliehen konnten. Hier erhielten sie ein Versteck, bekamen Nahrung, Kleidung und Informationen, um unterzutauchen.<\/p>\n\n\n\n<p>Nach der Besatzung Italiens am 8. September 1943 durch die Deutschen organisierten die Cervis den bewaffneten Widerstand. Anfang Oktober gingen die sieben Br\u00fcder mit Gleichgesinnten in die Berge. Ende Oktober \u00fcberfielen sie eine Polizeistation, um an Waffen zu gelangen. Danach zogen sie sich wieder in die Berge zur\u00fcck. Unterst\u00fctzung erhielten sie von dem Priester Don Pasquino Borghi, der den Partisanen Unterschlupf gew\u00e4hrte.<\/p>\n\n\n\n<h3 class=\"wp-block-heading\"><strong>Faschisten statuieren Exempel<\/strong><\/h3>\n\n\n\n<p>Der Versuch, einen hohen faschistischen Funktion\u00e4r aus Reggio Emilia zu entf\u00fchren und zu t\u00f6ten, misslang, sorgt aber f\u00fcr Aufsehen und Sympathie in der Bev\u00f6lkerung. Am 25. November 1943 erfolgte der Gegenschlag der Besatzer. Das Haus der Cervis wurde vom faschistischen Milit\u00e4r umstellt, alle M\u00e4nner verhaftet, die Frauen und Kinder auf die Stra\u00dfe getrieben und das Haus angez\u00fcndet. Alcide \u00bbPapa\u00ab Cervi, die sieben Br\u00fcder und einer ihrer Genossen wurden in das Zuchthaus \u00bbServi\u00ab nach Reggio Emilia gebracht. W\u00e4hrend Alcide wieder entlassen wurde, blieben die sieben Br\u00fcder in Haft. Als im Dezember 1943 andere Partisanen zwei hohe faschistische Milit\u00e4rs t\u00f6teten, wurde von den faschistischen Machthabern in Reggio Emilia ein Exempel statuiert. Die sieben Br\u00fcder wurden am 28. Dezember 1943 um 6.30 Uhr mit ihrem Genossen erschossen. Kurz danach erfolgte auch die Hinrichtung von Don Pasquino Borghi.<\/p>\n\n\n\n<p>Die Erinnerung an die \u00bbFratelli Cervi\u00ab ist bis heute in Italien pr\u00e4sent. Sie ist verbunden mit dem Wissen um die antifaschistische Tradition des Landes. <\/p>\n\n\n\n<p><\/p>\n","protected":false},"excerpt":{"rendered":"<p>Im letzten Juli veranstalteten wir beim OAT erstmals ein \u00bbPastasciutta Antifaschista\u00ab und weil es so gut angenommen wurde, wollen wir es dieses Jahr wiederholen. Es erwartet euch abermals ein super leckeres Essen, Getr\u00e4nke und Raum f\u00fcr Austausch. Wie k\u00f6nnen wir &hellip; <a href=\"https:\/\/oatle.noblogs.org\/?p=245\">Continue reading <span class=\"meta-nav\">&rarr;<\/span><\/a><\/p>\n","protected":false},"author":14535,"featured_media":0,"comment_status":"closed","ping_status":"closed","sticky":false,"template":"","format":"standard","meta":{"footnotes":""},"categories":[1],"tags":[],"class_list":["post-245","post","type-post","status-publish","format-standard","hentry","category-general"],"_links":{"self":[{"href":"https:\/\/oatle.noblogs.org\/index.php?rest_route=\/wp\/v2\/posts\/245","targetHints":{"allow":["GET"]}}],"collection":[{"href":"https:\/\/oatle.noblogs.org\/index.php?rest_route=\/wp\/v2\/posts"}],"about":[{"href":"https:\/\/oatle.noblogs.org\/index.php?rest_route=\/wp\/v2\/types\/post"}],"author":[{"embeddable":true,"href":"https:\/\/oatle.noblogs.org\/index.php?rest_route=\/wp\/v2\/users\/14535"}],"replies":[{"embeddable":true,"href":"https:\/\/oatle.noblogs.org\/index.php?rest_route=%2Fwp%2Fv2%2Fcomments&post=245"}],"version-history":[{"count":1,"href":"https:\/\/oatle.noblogs.org\/index.php?rest_route=\/wp\/v2\/posts\/245\/revisions"}],"predecessor-version":[{"id":246,"href":"https:\/\/oatle.noblogs.org\/index.php?rest_route=\/wp\/v2\/posts\/245\/revisions\/246"}],"wp:attachment":[{"href":"https:\/\/oatle.noblogs.org\/index.php?rest_route=%2Fwp%2Fv2%2Fmedia&parent=245"}],"wp:term":[{"taxonomy":"category","embeddable":true,"href":"https:\/\/oatle.noblogs.org\/index.php?rest_route=%2Fwp%2Fv2%2Fcategories&post=245"},{"taxonomy":"post_tag","embeddable":true,"href":"https:\/\/oatle.noblogs.org\/index.php?rest_route=%2Fwp%2Fv2%2Ftags&post=245"}],"curies":[{"name":"wp","href":"https:\/\/api.w.org\/{rel}","templated":true}]}}